{"id":6999,"date":"2026-04-02T14:26:51","date_gmt":"2026-04-02T12:26:51","guid":{"rendered":"http:\/\/lo3msz.czest.pl\/lo3_v6a\/?p=6999"},"modified":"2026-04-02T14:33:15","modified_gmt":"2026-04-02T12:33:15","slug":"tytul-laureata-w-iii-centralnym-etapie-67-olimpiady-wiedzy-o-polsce-i-swiecie-wspolczesnym","status":"publish","type":"post","link":"http:\/\/lo3msz.czest.pl\/lo3_v6a\/index.php\/2026\/04\/02\/tytul-laureata-w-iii-centralnym-etapie-67-olimpiady-wiedzy-o-polsce-i-swiecie-wspolczesnym\/","title":{"rendered":"Kolejny wielki sukces!! Nasz ucze\u0144 laureatem Olimpiady Wiedzy o Polsce i \u015awiecie Wsp\u00f3\u0142czesnym"},"content":{"rendered":"<p>DOMINIK G\u0141ADYSZ, ucze\u0144 klasy III a uzyska\u0142 &#8211; pod naukow\u0105 opiek\u0105 mgr Magdaleny Otr\u0119bskiej &#8211; tytu\u0142 laureata w III \u2013 centralnym etapie 67. Olimpiady Wiedzy o Polsce i \u015awiecie Wsp\u00f3\u0142czesnym. Fina\u0142owe zmagania odby\u0142y si\u0119 w dniach 28\u201329 marca 2026 r. w Uniwersytecie Warszawskim.<\/p>\n<p>Powy\u017csze osi\u0105gni\u0119cie plasuje Dominika w czo\u0142\u00f3wce m\u0142odych znawc\u00f3w wsp\u00f3\u0142czesnych proces\u00f3w prawnych, politycznych i spo\u0142ecznych w Polsce, a jednocze\u015bnie stanowi potwierdzenie jego imponuj\u0105cej wiedzy, konsekwencji i dojrza\u0142o\u015bci intelektualnej. Tytu\u0142 laureata jednej z najstarszych olimpiad humanistycznych w kraju jest wyr\u00f3\u017cnieniem, kt\u00f3re otwiera szerokie perspektywy dalszego rozwoju.<\/p>\n<p>Organizatorem zawod\u00f3w centralnych by\u0142 Wydzia\u0142 Nauk Politycznych i Studi\u00f3w Mi\u0119dzynarodowych Uniwersytetu Warszawskiego, kt\u00f3ry dok\u0142ada wszelkich stara\u0144, aby olimpiada o Polsce i \u015bwiece wsp\u00f3\u0142czesnym zachowywa\u0142a najwy\u017csze standardy merytoryczne oraz pe\u0142ni\u0142a wa\u017cn\u0105 misj\u0119 w przygotowywaniu m\u0142odych ludzi do \u015bwiadomego uczestnictwa w \u017cyciu publicznym. Olimpiada jest wi\u0119c miejscem, w kt\u00f3rym m\u0142odzie\u017c nie tylko zdobywa wiedz\u0119, lecz tak\u017ce uczy si\u0119 rozumie\u0107 skomplikowan\u0105 natur\u0119 wsp\u00f3\u0142czesnego \u015bwiata, zanim podejmie pr\u00f3b\u0119 jego odpowiedzialnego i tw\u00f3rczego kszta\u0142towania.<\/p>\n<p>Gratulujemy Dominikowi tego jak\u017ce presti\u017cowego sukcesu.<\/p>\n<!-- Final Tiles Grid Gallery for WordPress v3.6.10 free --><style>#ftg-6565 .tile .icon { color:#ffffff; }#ftg-6565 .ftg-items .loading-bar i { background:#666; }#ftg-6565 .ftg-items .loading-bar { background:#fff; }#ftg-6565 .tile .icon { font-size:12px; }#ftg-6565 .tile .icon { margin: -6px 0 0 -6px; }#ftg-6565 .tile .caption-block .text-wrapper span.text { font-size:12px; }#ftg-6565 .tile .caption-outside .text-wrapper span.text { font-size:12px; }#ftg-6565 .tile .caption-block .text-wrapper span.title { font-size:14px; }#ftg-6565 .tile .caption-outside .text-wrapper span.title { font-size:14px; }#ftg-6565 .tile { background-color: transparent; }#ftg-6565 .tile .caption-block .text-wrapper span.text { color: #ffffff; }#ftg-6565 .tile .caption-block .text-wrapper span.title { color: #ffffff; }#ftg-6565 .tile .caption-outside .text-wrapper span.text { color: #ffffff; }#ftg-6565 .tile .caption-outside .text-wrapper span.title { color: #ffffff; }#ftg-6565 .tile .ftg-social a { color: #ffffff; }#ftg-6565 .tile .caption-block { transition-duration:0.25s; }#ftg-6565 .tile .tile-inner:before { background-color: #000000; }#ftg-6565 .tile .tile-inner:before { background-color: rgba(0, 0, 0, 0.8); }#ftg-6565 .tile:hover img {-moz-transform: ;-webkit-transform: ;-o-transform: ;-ms-transform: ;transform: ;}<\/style><a name=\"65\"><\/a><div class=\"final-tiles-gallery  ftg-hover-enabled caption-inside  caption-none caption-middle caption-center\" id=\"ftg-6565\" style=\"width: 100%\"><div class='ftg-items'><div class='loading-bar'><i><\/i><\/div><div  class='tile ftg-preload  '><a title=\"\" data-lightbox='ftg-6565' rel='ftg-6565'  class=' tile-inner  ftg-lightbox' href='http:\/\/lo3msz.czest.pl\/lo3_v6a\/wp-content\/uploads\/2026\/04\/J-768x1024.jpg' ><img alt='Olimpiada_Wiedzy_o_Polsce_i_Swiecie_Wspolczesnym' class='item skip-lazy' data-class='item' data-ftg-source='http:\/\/lo3msz.czest.pl\/lo3_v6a\/wp-content\/uploads\/2026\/04\/J-768x1024.jpg' src='http:\/\/lo3msz.czest.pl\/lo3_v6a\/wp-content\/uploads\/2026\/04\/J-768x1024.jpg' width='768' height='1024' \/><\/a><div class='ftg-social'><\/div><\/div><div  class='tile ftg-preload  '><a title=\"\" data-lightbox='ftg-6565' rel='ftg-6565'  class=' tile-inner  ftg-lightbox' href='http:\/\/lo3msz.czest.pl\/lo3_v6a\/wp-content\/uploads\/2026\/04\/B-768x1024.jpg' ><img alt='Olimpiada_Wiedzy_o_Polsce_i_Swiecie_Wspolczesnym' class='item skip-lazy' data-class='item' data-ftg-source='http:\/\/lo3msz.czest.pl\/lo3_v6a\/wp-content\/uploads\/2026\/04\/B-768x1024.jpg' src='http:\/\/lo3msz.czest.pl\/lo3_v6a\/wp-content\/uploads\/2026\/04\/B-768x1024.jpg' width='768' height='1024' \/><\/a><div class='ftg-social'><\/div><\/div><div  class='tile ftg-preload  '><a title=\"\" data-lightbox='ftg-6565' rel='ftg-6565'  class=' tile-inner  ftg-lightbox' href='http:\/\/lo3msz.czest.pl\/lo3_v6a\/wp-content\/uploads\/2026\/04\/D-768x1024.jpg' ><img alt='Olimpiada_Wiedzy_o_Polsce_i_Swiecie_Wspolczesnym' class='item skip-lazy' data-class='item' data-ftg-source='http:\/\/lo3msz.czest.pl\/lo3_v6a\/wp-content\/uploads\/2026\/04\/D-768x1024.jpg' src='http:\/\/lo3msz.czest.pl\/lo3_v6a\/wp-content\/uploads\/2026\/04\/D-768x1024.jpg' width='768' height='1024' \/><\/a><div class='ftg-social'><\/div><\/div><\/div><\/div>\n<p>&nbsp;<br \/>\n&nbsp;<br \/>\n&nbsp;<br \/>\n&nbsp;<br \/>\n&nbsp;<br \/>\n&nbsp;<br \/>\n&nbsp;<br \/>\n&nbsp;<br \/>\n&nbsp;<br \/>\n&nbsp;<br \/>\n&nbsp;<\/p>\n","protected":false},"excerpt":{"rendered":"<p>DOMINIK G\u0141ADYSZ, ucze\u0144 klasy III a uzyska\u0142 &#8211; pod naukow\u0105 opiek\u0105 mgr Magdaleny Otr\u0119bskiej &#8211; tytu\u0142 laureata w III \u2013 centralnym etapie 67. Olimpiady Wiedzy o Polsce i \u015awiecie Wsp\u00f3\u0142czesnym. Fina\u0142owe zmagania odby\u0142y si\u0119 w dniach 28\u201329 marca 2026 r. w Uniwersytecie Warszawskim. Powy\u017csze osi\u0105gni\u0119cie plasuje Dominika w czo\u0142\u00f3wce m\u0142odych znawc\u00f3w wsp\u00f3\u0142czesnych proces\u00f3w prawnych, politycznych [&hellip;]<\/p>\n","protected":false},"author":1,"featured_media":6971,"comment_status":"closed","ping_status":"closed","sticky":true,"template":"","format":"standard","meta":{"footnotes":"","_links_to":"","_links_to_target":""},"categories":[3],"tags":[],"_links":{"self":[{"href":"http:\/\/lo3msz.czest.pl\/lo3_v6a\/index.php\/wp-json\/wp\/v2\/posts\/6999"}],"collection":[{"href":"http:\/\/lo3msz.czest.pl\/lo3_v6a\/index.php\/wp-json\/wp\/v2\/posts"}],"about":[{"href":"http:\/\/lo3msz.czest.pl\/lo3_v6a\/index.php\/wp-json\/wp\/v2\/types\/post"}],"author":[{"embeddable":true,"href":"http:\/\/lo3msz.czest.pl\/lo3_v6a\/index.php\/wp-json\/wp\/v2\/users\/1"}],"replies":[{"embeddable":true,"href":"http:\/\/lo3msz.czest.pl\/lo3_v6a\/index.php\/wp-json\/wp\/v2\/comments?post=6999"}],"version-history":[{"count":12,"href":"http:\/\/lo3msz.czest.pl\/lo3_v6a\/index.php\/wp-json\/wp\/v2\/posts\/6999\/revisions"}],"predecessor-version":[{"id":7012,"href":"http:\/\/lo3msz.czest.pl\/lo3_v6a\/index.php\/wp-json\/wp\/v2\/posts\/6999\/revisions\/7012"}],"wp:featuredmedia":[{"embeddable":true,"href":"http:\/\/lo3msz.czest.pl\/lo3_v6a\/index.php\/wp-json\/wp\/v2\/media\/6971"}],"wp:attachment":[{"href":"http:\/\/lo3msz.czest.pl\/lo3_v6a\/index.php\/wp-json\/wp\/v2\/media?parent=6999"}],"wp:term":[{"taxonomy":"category","embeddable":true,"href":"http:\/\/lo3msz.czest.pl\/lo3_v6a\/index.php\/wp-json\/wp\/v2\/categories?post=6999"},{"taxonomy":"post_tag","embeddable":true,"href":"http:\/\/lo3msz.czest.pl\/lo3_v6a\/index.php\/wp-json\/wp\/v2\/tags?post=6999"}],"curies":[{"name":"wp","href":"https:\/\/api.w.org\/{rel}","templated":true}]}}